[{"command":"settings","settings":{"pluralDelimiter":"\u0003","suppressDeprecationErrors":true,"ajaxPageState":{"libraries":"eJzLL0jNi0_KyU_Ojs_NT0nM0c8HCuiCBXTBAro5mUlFiUWVAFJtD_4","theme":"open_theme","theme_token":null},"ajaxTrustedUrl":[],"openModal":{"titleId":"opn-modal-title"},"user":{"uid":0,"permissionsHash":"4ce75e09bb32af0d486cf6a9146d7d94d64135625abbb351edff805078a47c67"}},"merge":true},{"command":"add_css","data":[{"rel":"stylesheet","media":"all","href":"\/sites\/default\/files\/css\/css_upqMR8pm6B1YoMWhN5WMzAfrAkOt_tj9xnGv76nl4Ps.css?delta=0\u0026language=fr\u0026theme=open_theme\u0026include=eJxLzi9K1U8pKi1IzNFLzEqs0ElGEkjJTMzJTwcA8A8NXQ"},{"rel":"stylesheet","media":"all","href":"\/sites\/default\/files\/css\/css__CwdRQc2BoGzOkUac0LXHykTRUXXFCQrIg4pyCkR5Zc.css?delta=1\u0026language=fr\u0026theme=open_theme\u0026include=eJxLzi9K1U8pKi1IzNFLzEqs0ElGEkjJTMzJTwcA8A8NXQ"}]},{"command":"add_js","selector":"body","data":[{"src":"\/sites\/default\/files\/js\/js_rAMus9XbdssolZiLHY8M1KsiysZOp7sW8k2zt9ECOnA.js?scope=footer\u0026delta=0\u0026language=fr\u0026theme=open_theme\u0026include=eJzLL0jNi0_KyU_Ojs_NT0nM0c8HCuiCBXTBAro5mUlFiUWVAFJtD_4"}]},{"command":"openDialog","selector":"#drupal-modal","settings":null,"data":"\n\n\u003Csection class=\u0022opn-modal\u0022\u003E\n  \u003Cdiv class=\u0022opn-modal__content\u0022\u003E\n          \n\n\n\n\n\n  \u003Ch2\n     id=\u0022opn-modal-title\u0022     class=\u0022visually-hidden opn-title opn-title--h2\u0022\n      \u003E\n    La fracture IA est-elle in\u00e9vitable ? A propos, avec Guy MAMOU-MANI\n  \u003C\/h2\u003E\n              \n\n  \u003Cdiv class=\u0022opn-paragraph-img\u0022\u003E\n    \n\n\n\n\n\n\n  \n\n\n      \u003Cdiv class=\u0022opn-video opn-video__youtube-player youtube_player\u0022\n         videoID=\u0022rqqfc_tuMnQ\u0022\n         height=\u0022100%\u0022\n         width=\u0022100%\u0022\n    \u003E\u003C\/div\u003E\n  \n\n          \n  \u003Cdetails class=\u0022opn-details\u0022\u003E\n    \u003Csummary class=\u0022opn-details__summary\u0022 tabindex=\u00220\u0022\u003ELire la transcription\u003C\/summary\u003E\n    \u003Cp\u003E[Musique]\u003C\/p\u003E\n\u003Cp\u003EBonjour, c\u0027est la conclusion de cette s\u00e9rie \u0022\u00c0 propos\u0022 sur la question du caract\u00e8re \u00e9vitable ou non de la fracture IA potentielle. Nous avons entendu des r\u00e9f\u00e9rents du monde public, du monde professionnel et du monde de l\u0027entreprise s\u0027exprimer sur cette question et j\u0027ai donc pour conclure aujourd\u0027hui le plaisir d\u0027accueillir Guy MAMOU-MANI, ex-copr\u00e9sident d\u0027Open, tr\u00e8s largement engag\u00e9 dans sa vie pass\u00e9e comme aujourd\u0027hui encore sur ces sujets-l\u00e0, notamment au travers de son livre \u0022Pour un num\u00e9rique humain\u0022.\u003C\/p\u003E\n\u003Cp\u003E[Musique]\u003C\/p\u003E\n\u003Cp\u003E- Guy, merci d\u0027\u00eatre avec nous, bonjour. Alors d\u0027abord j\u0027ai envie de t\u0027interroger bien s\u00fbr sur cette question et ton regard sur cette question, et bien entendu sur ce que tu as pu d\u00e9j\u00e0 d\u00e9couvrir de ce que nos invit\u00e9s pr\u00e9c\u00e9dents ont pu dire sur le sujet.\u003C\/p\u003E\n\u003Cp\u003E- Je voudrais absolument te f\u00e9liciter, f\u00e9liciter Open en g\u00e9n\u00e9ral pour cette initiative. Moi je pense qu\u0027une ESN aujourd\u0027hui est totalement \u00e0 propos, c\u0027est le cas de le dire, pour parler de ces sujets et j\u0027ai trouv\u00e9 les six interviews tr\u00e8s tr\u00e8s int\u00e9ressantes, d\u0027abord parce qu\u0027elles expriment une vision de la transformation de notre pays, de l\u0027humanit\u00e9 voire par l\u0027IA au niveau soci\u00e9tal et puis par certains c\u00f4t\u00e9s aussi au niveau professionnel. Donc c\u0027\u00e9tait assez complet et je pense que \u00e7a doit inspirer beaucoup de gens.\u003C\/p\u003E\n\u003Cp\u003E- Oui, mais ton regard sur le sujet maintenant ?\u003C\/p\u003E\n\u003Cp\u003E- Alors mon regard, je vais le symboliser par la phrase de Bergson : \u0022Notre avenir n\u0027est pas ce qui va arriver mais ce que nous en ferons\u0022. Donc tout le propos de mon livre et de mes conf\u00e9rences et de mon comportement, c\u0027est d\u0027essayer de mobiliser les gens, les citoyens, les \u00e9l\u00e8ves, les professeurs pour qu\u0027ils se prennent en charge par rapport \u00e0 cette transformation qui est, on sait bien, in\u00e9luctable.\u003C\/p\u003E\n\u003Cp\u003E- Alors tu as vu dans les personnalit\u00e9s que nous avons interrog\u00e9es, tous convergent pour dire - ils ont des diff\u00e9rences de vue mais ils convergent tous pour dire que c\u0027est une formidable opportunit\u00e9 cette IA g\u00e9n\u00e9rative et bien s\u00fbr ce qui va arriver demain, et ils ont assez peu de retenue sur le sujet si ce n\u0027est qu\u0027il y a quand m\u00eame une condition, et cette condition je suis... c\u0027est cette condition ou ces conditions que tu rappelles d\u0027ailleurs dans ton livre. Je ne suis pas certain qu\u0027on est capable de toutes les remplir.\u003C\/p\u003E\n\u003Cp\u003E- Absolument, mais d\u0027ailleurs mon livre dont le titre est \u0022Pour un num\u00e9rique humain\u0022 a un sous-titre qui est \u0022Huit conditions de r\u00e9ussite de la transformation\u0022. Donc en effet, il faut absolument pas les sous-estimer. Mais alors ce qui tombe tr\u00e8s bien, c\u0027est que le sujet que vous avez choisi fait partie des conditions. Je n\u0027imagine pas que l\u0027on puisse d\u00e9ployer l\u0027intelligence artificielle, la transformation num\u00e9rique en se passant d\u0027une partie de la population et cr\u00e9er encore une fracture. Donc il faut absolument mettre \u00e7a en avant et c\u0027est un des sujets qui me tient le plus \u00e0 c\u0153ur.\u003C\/p\u003E\n\u003Cp\u003E- Oui mais donc comme toute condition elle peut ne pas \u00eatre remplie ?\u003C\/p\u003E\n\u003Cp\u003E- Ah oui, non seulement elle peut mais malheureusement pour l\u0027instant, et on l\u0027a vu d\u00e9j\u00e0 dans les ann\u00e9es qui viennent de passer, il y a beaucoup de sujets au sujet de la fracture num\u00e9rique d\u0027abord, et qui sont en train de se prolonger sur la fracture IA. Donc il y a une mobilisation \u00e0 avoir qui a \u00e9t\u00e9 d\u0027ailleurs \u00e9voqu\u00e9e je crois par Alexandra Bensamoun et je trouve qu\u0027elle a tout \u00e0 fait raison sur l\u0027acculturation, l\u0027\u00e9ducation, la formation. C\u0027est d\u0027ailleurs le propos central de mon livre. Il faut absolument justement faire une mobilisation autour de ces sujets pour former tous les citoyens, pas uniquement des ing\u00e9nieurs d\u0027ailleurs, mais \u00e7a concerne l\u0027ensemble des citoyens parce que le paradoxe de ce qu\u0027on est en train de vivre, c\u0027est qu\u0027en fait l\u0027IA ou l\u0027IA g\u00e9n\u00e9rative peu importe, elle n\u0027est pas pour l\u0027\u00e9lite, elle est pour chacun, elle est pour tous.\u003C\/p\u003E\n\u003Cp\u003E- Oui, alors tu as dit l\u0027IA et l\u0027IA g\u00e9n\u00e9rative peu importe, mais justement il me semble que Jean-Paul Mazoyer a fait une petite nuance l\u00e0-dessus et je crois que c\u0027est assez important parce qu\u0027en fait qu\u0027est-ce qui s\u0027est pass\u00e9 ? L\u0027IA, nous on la conna\u00eet depuis des ann\u00e9es, depuis des dizaines d\u0027ann\u00e9es, c\u0027est en 1950 que Turing a utilis\u00e9 le terme pour la premi\u00e8re fois. Non, ce qui a \u00e9t\u00e9 une rupture en novembre 2022, c\u0027est l\u0027IA g\u00e9n\u00e9rative qui a justement fait ce que tu viens de dire, c\u0027est-\u00e0-dire donn\u00e9 acc\u00e8s...\u003C\/p\u003E\n\u003Cp\u003E- Pour moi, je pense pour toi aussi, c\u0027est le plus grand espoir d\u0027\u00e9liminer cette fracture, c\u0027est le fait que l\u0027acc\u00e8s soit donn\u00e9 \u00e0 chacun ou \u00e0 tous suivant la fa\u00e7on dont on veut interpr\u00e9ter.\u003C\/p\u003E\n\u003Cp\u003E- Exactement, \u00e7a sera une bonne conclusion de ta s\u00e9rie \u0022\u00c0 propos\u0022, parce que vraiment je crois qu\u0027en effet c\u0027est une opportunit\u00e9. C\u0027est une vraie opportunit\u00e9 parce que justement on le voit bien puisqu\u0027on s\u0027adresse en langage naturel \u00e0 l\u0027intelligence artificielle g\u00e9n\u00e9rative, donc toutes les barri\u00e8res qu\u0027il y avait avant de programmation, de technologie disparaissent. Et finalement si on explique \u00e0 tous les citoyens que c\u0027est accessible de fa\u00e7on tout \u00e0 fait naturelle, il y a une chance que \u00e7a devienne une opportunit\u00e9 \u00e0 la place d\u0027\u00eatre une barri\u00e8re et qu\u0027ils s\u0027en saisissent.\u003C\/p\u003E\n\u003Cp\u003E- \u00c9videmment, c\u0027est pour \u00e7a que j\u0027ai tellement insist\u00e9 d\u00e9j\u00e0 dans mon premier livre mais sur celui-l\u00e0 aussi \u00e0 l\u0027\u00e9ducation depuis le plus jeune \u00e2ge. Alors on m\u0027a critiqu\u00e9 parce que j\u0027ai fait un chapitre \u0022Apprendre \u00e0 lire, \u00e9crire, calculer, coder\u0022. C\u0027\u00e9tait un raccourci, je veux bien le reconna\u00eetre, mais ce que je voulais dire c\u0027est qu\u0027il est imp\u00e9ratif de donner une culture num\u00e9rique d\u00e8s le jeune \u00e2ge de fa\u00e7on \u00e0 ne plus avoir peur et d\u0027acc\u00e9der \u00e0 des outils comme l\u0027IA g\u00e9n\u00e9rative.\u003C\/p\u003E\n\u003Cp\u003E- Ce dont on est s\u00fbr en tout cas, c\u0027est que si cette condition-l\u00e0 n\u0027est pas remplie, on ne remplira pas les autres.\u003C\/p\u003E\n\u003Cp\u003E- On est d\u0027accord. Et donc voil\u00e0, donc nous avons r\u00e9ussi gr\u00e2ce \u00e0 nos personnalit\u00e9s qui sont intervenues sur ce plateau et dans cette s\u00e9rie \u0022\u00c0 propos\u0022 \u00e0 d\u00e9terminer en fait la condition indispensable \u00e0 l\u0027\u00e9vitement de cette fracture IA : c\u0027est vraiment la culture de ce progr\u00e8s technologique avant qu\u0027il devienne un progr\u00e8s soci\u00e9tal, une culture qui soit la plus r\u00e9pandue et la plus appropri\u00e9e possible pour tous et pour chacun.\u003C\/p\u003E\n\u003Cp\u003E- Guy, merci beaucoup de ta participation, \u00e0 bient\u00f4t pour une nouvelle s\u00e9rie \u0022\u00c0 propos\u0022.\u003C\/p\u003E\n\u003Cp\u003E[Musique]\u003C\/p\u003E\n\n    \n\n\n\n  \n\n\n  \u003C\/details\u003E\n      \u003C\/div\u003E\n\n      \u003C\/div\u003E\n\u003C\/section\u003E\n","dialogOptions":{"dialogClass":"opn-custom-modal-wrapper","width":"50%","closeText":"Fermer","modal":true,"title":"","classes":{"ui-dialog":"opn-custom-modal-wrapper"}}}]